{"id":5302,"date":"2026-02-27T09:40:51","date_gmt":"2026-02-27T12:40:51","guid":{"rendered":"https:\/\/revistavalorenegocios.com\/?p=5302"},"modified":"2026-02-27T09:40:53","modified_gmt":"2026-02-27T12:40:53","slug":"receita-paga-lote-da-malha-fina-do-imposto-de-renda-de-fevereiro","status":"publish","type":"post","link":"https:\/\/revistavalorenegocios.com\/?p=5302","title":{"rendered":"Receita paga lote da malha fina do Imposto de Renda de fevereiro"},"content":{"rendered":"\n<p>Cerca de 205 mil contribuintes que ca\u00edram na malha fina e regularizaram as pend\u00eancias&nbsp;v\u00e3o acertar as contas com o Le\u00e3o.&nbsp;<strong>Nesta sexta-feira (27), a Receita Federal paga o lote da malha fina de fevereiro, que tamb\u00e9m contempla restitui\u00e7\u00f5es residuais de anos anteriores.<\/strong><img decoding=\"async\" src=\"https:\/\/agenciabrasil.ebc.com.br\/ebc.png?id=1679030&amp;o=node\"><img decoding=\"async\" src=\"https:\/\/agenciabrasil.ebc.com.br\/ebc.gif?id=1679030&amp;o=node\"><\/p>\n\n\n\n<p>Ao todo, 204.824 contribuintes receber\u00e3o R$ 578,97 milh\u00f5es. Desse total, R$ 337,69 milh\u00f5es ir\u00e3o para contribuintes com prioridade legal no reembolso.<\/p>\n\n\n\n<p><strong>As restitui\u00e7\u00f5es est\u00e3o distribu\u00eddas da seguinte forma:<\/strong><\/p>\n\n\n\n<ul class=\"wp-block-list\">\n<li>127.585 contribuintes que usaram a declara\u00e7\u00e3o pr\u00e9-preenchida e\/ou optaram simultaneamente por receber a restitui\u00e7\u00e3o via Pix;<\/li>\n\n\n\n<li>39.290 contribuintes de 60 a 79 anos;<\/li>\n\n\n\n<li>17.318 contribuintes sem prioridade;<\/li>\n\n\n\n<li>10.735 contribuintes cuja maior fonte de renda seja o magist\u00e9rio;<\/li>\n\n\n\n<li>6.632 contribuintes acima de 80 anos;<\/li>\n\n\n\n<li>3.264 contribuintes com defici\u00eancia f\u00edsica ou mental ou doen\u00e7a grave.<\/li>\n<\/ul>\n\n\n\n<p>A consulta est\u00e1 dispon\u00edvel desde o \u00faltimo dia 20&nbsp;<a href=\"https:\/\/www.gov.br\/receitafederal\/pt-br\" target=\"_blank\" rel=\"noreferrer noopener\">na p\u00e1gina da Receita Federal na internet<\/a>. Basta o contribuinte clicar em \u201cMeu Imposto de Renda\u201d e, em seguida, no bot\u00e3o \u201cConsultar a Restitui\u00e7\u00e3o\u201d. Tamb\u00e9m \u00e9 poss\u00edvel fazer a consulta no aplicativo da Receita Federal para tablets e smartphones.<\/p>\n\n\n\n<h2 class=\"wp-block-heading\">Pagamento<\/h2>\n\n\n\n<p>O pagamento ser\u00e1 feito na conta ou na chave Pix do tipo CPF informada na declara\u00e7\u00e3o do Imposto de Renda. Caso o contribuinte n\u00e3o esteja na lista, dever\u00e1 entrar no&nbsp;<a href=\"https:\/\/cav.receita.fazenda.gov.br\/\" target=\"_blank\" rel=\"noreferrer noopener\">Centro Virtual de Atendimento ao Contribuinte (e-CAC)<\/a>&nbsp;e tirar o extrato da declara\u00e7\u00e3o. Se verificar uma pend\u00eancia, pode enviar uma declara\u00e7\u00e3o retificadora e esperar os pr\u00f3ximos lotes da malha fina.<\/p>\n\n\n\n<p>Se, por algum motivo, a restitui\u00e7\u00e3o n\u00e3o for depositada na conta informada na declara\u00e7\u00e3o, como no caso de conta desativada, os valores ficar\u00e3o dispon\u00edveis para resgate por at\u00e9 um ano no Banco do Brasil.<\/p>\n\n\n\n<p>Nesse caso, o cidad\u00e3o poder\u00e1 agendar o cr\u00e9dito em qualquer conta banc\u00e1ria em seu nome, por meio do&nbsp;<a href=\"https:\/\/www.bb.com.br\/irpf\" target=\"_blank\" rel=\"noreferrer noopener\">Portal BB<\/a>&nbsp;ou ligando para a Central de Relacionamento do banco, nos telefones 4004-0001 (capitais), 0800-729-0001 (demais localidades) e 0800-729-0088 (telefone especial exclusivo para deficientes auditivos).<\/p>\n\n\n\n<p>Caso o contribuinte n\u00e3o resgate o valor de sua restitui\u00e7\u00e3o depois de um ano, dever\u00e1 requerer o valor no Portal e-CAC. Ao entrar na p\u00e1gina, o cidad\u00e3o deve, acessando o menu \u201cDeclara\u00e7\u00f5es e Demonstrativos\u201d, clicar em \u201cMeu Imposto de Renda\u201d e, em seguida, no campo &#8220;Solicitar restitui\u00e7\u00e3o n\u00e3o resgatada na rede banc\u00e1ria&#8221;.<br><br>Fonte: Ag\u00eancia Brasil<\/p>\n","protected":false},"excerpt":{"rendered":"<p>Cerca de 205 mil contribuintes que ca\u00edram na malha fina e regularizaram as pend\u00eancias&nbsp;v\u00e3o acertar as contas com o Le\u00e3o.&nbsp;Nesta sexta-feira (27), a Receita Federal paga o lote da malha fina de fevereiro, que tamb\u00e9m contempla restitui\u00e7\u00f5es residuais de anos anteriores. Ao todo, 204.824 contribuintes receber\u00e3o R$ 578,97 milh\u00f5es. Desse total, R$ 337,69 milh\u00f5es ir\u00e3o [&hellip;]<\/p>\n","protected":false},"author":3,"featured_media":5303,"comment_status":"open","ping_status":"open","sticky":false,"template":"","format":"standard","meta":{"footnotes":""},"categories":[131],"tags":[],"class_list":{"0":"post-5302","1":"post","2":"type-post","3":"status-publish","4":"format-standard","5":"has-post-thumbnail","7":"category-economia"},"_links":{"self":[{"href":"https:\/\/revistavalorenegocios.com\/index.php?rest_route=\/wp\/v2\/posts\/5302","targetHints":{"allow":["GET"]}}],"collection":[{"href":"https:\/\/revistavalorenegocios.com\/index.php?rest_route=\/wp\/v2\/posts"}],"about":[{"href":"https:\/\/revistavalorenegocios.com\/index.php?rest_route=\/wp\/v2\/types\/post"}],"author":[{"embeddable":true,"href":"https:\/\/revistavalorenegocios.com\/index.php?rest_route=\/wp\/v2\/users\/3"}],"replies":[{"embeddable":true,"href":"https:\/\/revistavalorenegocios.com\/index.php?rest_route=%2Fwp%2Fv2%2Fcomments&post=5302"}],"version-history":[{"count":1,"href":"https:\/\/revistavalorenegocios.com\/index.php?rest_route=\/wp\/v2\/posts\/5302\/revisions"}],"predecessor-version":[{"id":5304,"href":"https:\/\/revistavalorenegocios.com\/index.php?rest_route=\/wp\/v2\/posts\/5302\/revisions\/5304"}],"wp:featuredmedia":[{"embeddable":true,"href":"https:\/\/revistavalorenegocios.com\/index.php?rest_route=\/wp\/v2\/media\/5303"}],"wp:attachment":[{"href":"https:\/\/revistavalorenegocios.com\/index.php?rest_route=%2Fwp%2Fv2%2Fmedia&parent=5302"}],"wp:term":[{"taxonomy":"category","embeddable":true,"href":"https:\/\/revistavalorenegocios.com\/index.php?rest_route=%2Fwp%2Fv2%2Fcategories&post=5302"},{"taxonomy":"post_tag","embeddable":true,"href":"https:\/\/revistavalorenegocios.com\/index.php?rest_route=%2Fwp%2Fv2%2Ftags&post=5302"}],"curies":[{"name":"wp","href":"https:\/\/api.w.org\/{rel}","templated":true}]}}