{"id":5329,"date":"2026-03-11T10:14:13","date_gmt":"2026-03-11T13:14:13","guid":{"rendered":"https:\/\/revistavalorenegocios.com\/?p=5329"},"modified":"2026-03-11T10:14:20","modified_gmt":"2026-03-11T13:14:20","slug":"vendas-no-comercio-crescem-04-em-janeiro-e-igualam-patamar-recorde","status":"publish","type":"post","link":"https:\/\/revistavalorenegocios.com\/?p=5329","title":{"rendered":"Vendas no com\u00e9rcio crescem 0,4% em janeiro e igualam patamar recorde"},"content":{"rendered":"\n<p><strong>O volume de vendas no com\u00e9rcio varejista brasileiro cresceu 0,4% na passagem de dezembro para janeiro. Dessa forma, o setor alcan\u00e7ou o maior patamar, igualando o recorde de novembro de 2025.<\/strong><img decoding=\"async\" src=\"https:\/\/agenciabrasil.ebc.com.br\/ebc.png?id=1681508&amp;o=node\"><img decoding=\"async\" src=\"https:\/\/agenciabrasil.ebc.com.br\/ebc.gif?id=1681508&amp;o=node\"><\/p>\n\n\n\n<p><strong>Na compara\u00e7\u00e3o com o mesmo m\u00eas do ano passado, janeiro de 2026 apresenta salto de 2,8%. Em 12 meses, o setor registra expans\u00e3o de 1,6%.<\/strong><\/p>\n\n\n\n<p>A m\u00e9dia m\u00f3vel trimestral, que apresenta a tend\u00eancia de comportamento do com\u00e9rcio nos \u00faltimos meses, reflete alta de 0,3% na compara\u00e7\u00e3o com os tr\u00eas meses terminados em dezembro de 2025.<\/p>\n\n\n\n<p>O resultado de janeiro reverte a queda de 0,4% assinalada no \u00faltimo m\u00eas de 2025.<\/p>\n\n\n\n<p>Os\u00a0dados fazem parte da Pesquisa Mensal de Com\u00e9rcio, divulgada nesta quarta-feira (11) pelo\u00a0Instituto Brasileiro de Geografia e Estat\u00edstica (IBGE), no Rio de Janeiro.<\/p>\n\n\n\n<p>Ao destacar que foi alcan\u00e7ado o ponto mais alto da s\u00e9rie, iniciada no ano 2000, o gerente da pesquisa, Cristiano Santos, ressalta que \u201crenova\u00e7\u00f5es do pico n\u00e3o s\u00e3o t\u00e3o comuns assim\u201d.<\/p>\n\n\n\n<h2 class=\"wp-block-heading\">Atividades<\/h2>\n\n\n\n<p><strong>Dos oito segmentos pesquisados pelo IBGE, quatro apresentaram crescimento do volume de vendas na passagem de dezembro para janeiro, com destaque para a atividade farmac\u00eautica.<\/strong><\/p>\n\n\n\n<p>&#8211; Artigos farmac\u00eauticos, m\u00e9dicos, ortop\u00e9dicos e de perfumaria: 2,6%<\/p>\n\n\n\n<p>&#8211; Tecidos, vestu\u00e1rio e cal\u00e7ados: 1,8%<\/p>\n\n\n\n<p>&#8211; Outros artigos de uso pessoal e dom\u00e9stico: 1,3%<\/p>\n\n\n\n<p>&#8211; Hiper, supermercados, produtos aliment\u00edcios, bebidas e fumo 0,4%<\/p>\n\n\n\n<p>&#8211; M\u00f3veis e eletrodom\u00e9sticos: 0%<\/p>\n\n\n\n<p>&#8211; Equipamentos e material para escrit\u00f3rio inform\u00e1tica e comunica\u00e7\u00e3o: -9,3%<\/p>\n\n\n\n<p>&#8211; Livros, jornais, revistas e papelaria: -1,8%<\/p>\n\n\n\n<p>&#8211; Combust\u00edveis e lubrificantes: -1,3%<\/p>\n\n\n\n<p>O gerente do IBGE aponta que a atividade farmac\u00eautica, que inclui produtos de higiene pessoal e beleza, tem apresentado crescimento constante desde julho de 2025, com exce\u00e7\u00e3o de dezembro.<\/p>\n\n\n\n<p>No outro extremo, o desempenho em janeiro foi dos equipamentos e material para escrit\u00f3rio inform\u00e1tica e comunica\u00e7\u00e3o.<\/p>\n\n\n\n<p><strong>Cristiano explica que o tombo de quase 10% \u00e9 relacionado ao comportamento do d\u00f3lar.<\/strong><\/p>\n\n\n\n<blockquote class=\"wp-block-quote is-layout-flow wp-block-quote-is-layout-flow\">\n<p>\u201cEsse setor \u00e9 especialmente afetado pela varia\u00e7\u00e3o do d\u00f3lar e em \u00e9pocas de alta volatilidade, as empresas aproveitam para repor estoques em momentos de valoriza\u00e7\u00e3o do real para depois decidir o melhor momento de fazer promo\u00e7\u00f5es\u201d.<\/p>\n<\/blockquote>\n\n\n\n<p>Ele acrescenta que o segmento vinha de vendas fortes durante a&nbsp;<em>Black Friday<\/em>&nbsp;(novembro) e Natal.<\/p>\n\n\n\n<h2 class=\"wp-block-heading\">Atacado<\/h2>\n\n\n\n<p>No com\u00e9rcio varejista ampliado, que inclui atividades de atacado \u2500 ve\u00edculos, motos, partes e pe\u00e7as; material de constru\u00e7\u00e3o; e produtos aliment\u00edcios, bebidas e fumo \u2500 o indicador cresceu 0,9% de dezembro para janeiro, d\u00e9cimo m\u00eas seguido de alta nessa compara\u00e7\u00e3o entre meses imediatamente seguidos. Em 12 meses, o com\u00e9rcio varejista ampliado tem varia\u00e7\u00e3o nula (0%).<\/p>\n\n\n\n<p>Fonte: Ag\u00eancia Brasil<\/p>\n","protected":false},"excerpt":{"rendered":"<p>O volume de vendas no com\u00e9rcio varejista brasileiro cresceu 0,4% na passagem de dezembro para janeiro. Dessa forma, o setor alcan\u00e7ou o maior patamar, igualando o recorde de novembro de 2025. Na compara\u00e7\u00e3o com o mesmo m\u00eas do ano passado, janeiro de 2026 apresenta salto de 2,8%. Em 12 meses, o setor registra expans\u00e3o de [&hellip;]<\/p>\n","protected":false},"author":3,"featured_media":5330,"comment_status":"open","ping_status":"open","sticky":false,"template":"","format":"standard","meta":{"footnotes":""},"categories":[136],"tags":[],"class_list":{"0":"post-5329","1":"post","2":"type-post","3":"status-publish","4":"format-standard","5":"has-post-thumbnail","7":"category-desenvolvimento"},"_links":{"self":[{"href":"https:\/\/revistavalorenegocios.com\/index.php?rest_route=\/wp\/v2\/posts\/5329","targetHints":{"allow":["GET"]}}],"collection":[{"href":"https:\/\/revistavalorenegocios.com\/index.php?rest_route=\/wp\/v2\/posts"}],"about":[{"href":"https:\/\/revistavalorenegocios.com\/index.php?rest_route=\/wp\/v2\/types\/post"}],"author":[{"embeddable":true,"href":"https:\/\/revistavalorenegocios.com\/index.php?rest_route=\/wp\/v2\/users\/3"}],"replies":[{"embeddable":true,"href":"https:\/\/revistavalorenegocios.com\/index.php?rest_route=%2Fwp%2Fv2%2Fcomments&post=5329"}],"version-history":[{"count":1,"href":"https:\/\/revistavalorenegocios.com\/index.php?rest_route=\/wp\/v2\/posts\/5329\/revisions"}],"predecessor-version":[{"id":5331,"href":"https:\/\/revistavalorenegocios.com\/index.php?rest_route=\/wp\/v2\/posts\/5329\/revisions\/5331"}],"wp:featuredmedia":[{"embeddable":true,"href":"https:\/\/revistavalorenegocios.com\/index.php?rest_route=\/wp\/v2\/media\/5330"}],"wp:attachment":[{"href":"https:\/\/revistavalorenegocios.com\/index.php?rest_route=%2Fwp%2Fv2%2Fmedia&parent=5329"}],"wp:term":[{"taxonomy":"category","embeddable":true,"href":"https:\/\/revistavalorenegocios.com\/index.php?rest_route=%2Fwp%2Fv2%2Fcategories&post=5329"},{"taxonomy":"post_tag","embeddable":true,"href":"https:\/\/revistavalorenegocios.com\/index.php?rest_route=%2Fwp%2Fv2%2Ftags&post=5329"}],"curies":[{"name":"wp","href":"https:\/\/api.w.org\/{rel}","templated":true}]}}