{"id":5341,"date":"2026-03-16T11:59:21","date_gmt":"2026-03-16T14:59:21","guid":{"rendered":"https:\/\/revistavalorenegocios.com\/?p=5341"},"modified":"2026-03-16T11:59:22","modified_gmt":"2026-03-16T14:59:22","slug":"prazo-para-enviar-declaracao-do-ir-comeca-na-proxima-segunda","status":"publish","type":"post","link":"https:\/\/revistavalorenegocios.com\/?p=5341","title":{"rendered":"Prazo para enviar declara\u00e7\u00e3o do IR come\u00e7a na pr\u00f3xima segunda"},"content":{"rendered":"\n<p><strong>O prazo para envio da Declara\u00e7\u00e3o de Ajuste Anual do Imposto sobre a Renda da Pessoa F\u00edsica (DIRPF) de 2026 come\u00e7a na pr\u00f3xima segunda-feira (23) e segue at\u00e9 o dia 29 de maio.&nbsp;<\/strong><img decoding=\"async\" src=\"https:\/\/agenciabrasil.ebc.com.br\/ebc.png?id=1682030&amp;o=node\"><img decoding=\"async\" src=\"https:\/\/agenciabrasil.ebc.com.br\/ebc.gif?id=1682030&amp;o=node\"><\/p>\n\n\n\n<p>As informa\u00e7\u00f5es, referentes ao ano-calend\u00e1rio de 2025, foram publicadas nesta segunda-feira (16) pela Receita Federal por meio de<a href=\"https:\/\/www.in.gov.br\/en\/web\/dou\/-\/instrucao-normativa-rfb-n-2.312-de-13-de-marco-de-2026-692748727\" target=\"_blank\" rel=\"noreferrer noopener\">&nbsp;instru\u00e7\u00e3o normativa<\/a>&nbsp;no&nbsp;<em>Di\u00e1rio Oficial da Uni\u00e3o<\/em>.<\/p>\n\n\n\n<p>De acordo com o texto,&nbsp;<strong>devem apresentar a declara\u00e7\u00e3o contribuintes residentes no Brasil que receberam rendimentos tribut\u00e1veis superiores a R$ 35.584 em 2025.&nbsp;<\/strong><br><br>Tamb\u00e9m est\u00e3o obrigadas a enviar a declara\u00e7\u00e3o pessoas que receberam rendimentos isentos, n\u00e3o tribut\u00e1veis ou tributados exclusivamente na fonte acima de R$ 200 mil.<\/p>\n\n\n\n<p>A obrigatoriedade tamb\u00e9m vale para investidores que fizeram opera\u00e7\u00f5es de aliena\u00e7\u00e3o em bolsas de valores, de mercadorias, de futuros e assemelhadas, cuja soma foi superior a R$ 40 mil ou que tiveram ganhos l\u00edquidos sujeitos \u00e0 tributa\u00e7\u00e3o.<\/p>\n\n\n\n<p>No caso da atividade rural, devem declarar os contribuintes que registraram receita bruta superior a R$ 177.920.&nbsp;<\/p>\n\n\n\n<p>De acordo com o texto, a declara\u00e7\u00e3o deve ser elaborada, exclusivamente, por meio dos seguintes canais:<\/p>\n\n\n\n<ul class=\"wp-block-list\">\n<li>Programa Gerador da Declara\u00e7\u00e3o (PGD) relativo ao exerc\u00edcio de 2026, dispon\u00edvel para download no\u00a0<a href=\"http:\/\/www.gov.br\/receitafederal\" target=\"_blank\" rel=\"noreferrer noopener\"><em>site<\/em>\u00a0da Secretaria Especial da Receita Federal<\/a>;<\/li>\n\n\n\n<li>servi\u00e7o Meu Imposto de Renda, tamb\u00e9m dispon\u00edvel no site da secretaria e em aplicativo da secretaria para dispositivos m\u00f3veis como tablets e smartphones.<\/li>\n\n\n\n<li><\/li>\n<\/ul>\n\n\n\n<h2 class=\"wp-block-heading\">Tira-d\u00favidas<\/h2>\n\n\n\n<p>No ar desde 2023, a\u00a0s\u00e9rie Tira-D\u00favidas do IR, da\u00a0<strong>Radioag\u00eancia Nacional<\/strong>, ter\u00e1 22 epis\u00f3dios em 2026. Os \u00e1udios\u00a0ser\u00e3o exibidos pela\u00a0<strong>R\u00e1dio Nacional<\/strong>\u00a0e estar\u00e3o dispon\u00edveis na\u00a0<strong>Radioag\u00eancia Nacional<\/strong>\u00a0e\u00a0<strong>Ag\u00eancia Brasil<\/strong>. De hoje at\u00e9 o \u00faltimo dia da declara\u00e7\u00e3o, os ve\u00edculos\u00a0publicam\u00a0epis\u00f3dios \u00e0s segundas e sextas-feiras.\u00a0<br><br>Fonte: Ag\u00eancia Brasil<\/p>\n","protected":false},"excerpt":{"rendered":"<p>O prazo para envio da Declara\u00e7\u00e3o de Ajuste Anual do Imposto sobre a Renda da Pessoa F\u00edsica (DIRPF) de 2026 come\u00e7a na pr\u00f3xima segunda-feira (23) e segue at\u00e9 o dia 29 de maio.&nbsp; As informa\u00e7\u00f5es, referentes ao ano-calend\u00e1rio de 2025, foram publicadas nesta segunda-feira (16) pela Receita Federal por meio de&nbsp;instru\u00e7\u00e3o normativa&nbsp;no&nbsp;Di\u00e1rio Oficial da Uni\u00e3o. [&hellip;]<\/p>\n","protected":false},"author":3,"featured_media":5342,"comment_status":"open","ping_status":"open","sticky":false,"template":"","format":"standard","meta":{"footnotes":""},"categories":[133],"tags":[],"class_list":{"0":"post-5341","1":"post","2":"type-post","3":"status-publish","4":"format-standard","5":"has-post-thumbnail","7":"category-destaque"},"_links":{"self":[{"href":"https:\/\/revistavalorenegocios.com\/index.php?rest_route=\/wp\/v2\/posts\/5341","targetHints":{"allow":["GET"]}}],"collection":[{"href":"https:\/\/revistavalorenegocios.com\/index.php?rest_route=\/wp\/v2\/posts"}],"about":[{"href":"https:\/\/revistavalorenegocios.com\/index.php?rest_route=\/wp\/v2\/types\/post"}],"author":[{"embeddable":true,"href":"https:\/\/revistavalorenegocios.com\/index.php?rest_route=\/wp\/v2\/users\/3"}],"replies":[{"embeddable":true,"href":"https:\/\/revistavalorenegocios.com\/index.php?rest_route=%2Fwp%2Fv2%2Fcomments&post=5341"}],"version-history":[{"count":1,"href":"https:\/\/revistavalorenegocios.com\/index.php?rest_route=\/wp\/v2\/posts\/5341\/revisions"}],"predecessor-version":[{"id":5343,"href":"https:\/\/revistavalorenegocios.com\/index.php?rest_route=\/wp\/v2\/posts\/5341\/revisions\/5343"}],"wp:featuredmedia":[{"embeddable":true,"href":"https:\/\/revistavalorenegocios.com\/index.php?rest_route=\/wp\/v2\/media\/5342"}],"wp:attachment":[{"href":"https:\/\/revistavalorenegocios.com\/index.php?rest_route=%2Fwp%2Fv2%2Fmedia&parent=5341"}],"wp:term":[{"taxonomy":"category","embeddable":true,"href":"https:\/\/revistavalorenegocios.com\/index.php?rest_route=%2Fwp%2Fv2%2Fcategories&post=5341"},{"taxonomy":"post_tag","embeddable":true,"href":"https:\/\/revistavalorenegocios.com\/index.php?rest_route=%2Fwp%2Fv2%2Ftags&post=5341"}],"curies":[{"name":"wp","href":"https:\/\/api.w.org\/{rel}","templated":true}]}}