{"id":5436,"date":"2026-04-28T08:50:02","date_gmt":"2026-04-28T11:50:02","guid":{"rendered":"https:\/\/revistavalorenegocios.com\/?p=5436"},"modified":"2026-04-28T08:50:03","modified_gmt":"2026-04-28T11:50:03","slug":"embraer-registra-aumento-de-22-em-pedidos-no-primeiro-trimestre","status":"publish","type":"post","link":"https:\/\/revistavalorenegocios.com\/?p=5436","title":{"rendered":"Embraer registra aumento de 22% em pedidos no primeiro trimestre"},"content":{"rendered":"\n<p><strong>A Embraer divulgou nesta segunda-feira (27) sua carteira de pedidos consolidada no trimestre, indicando crescimento de 22% em rela\u00e7\u00e3o ao primeiro trimestre de 2025.<\/strong>&nbsp;O resultado positivo foi alavancado pelo aumento de pedidos na avia\u00e7\u00e3o comercial, com 50% de aumento e uma carteira de pedidos de 15 bilh\u00f5es de d\u00f3lares.&nbsp;<img decoding=\"async\" src=\"https:\/\/agenciabrasil.ebc.com.br\/ebc.png?id=1687462&amp;o=node\"><img decoding=\"async\" src=\"https:\/\/agenciabrasil.ebc.com.br\/ebc.gif?id=1687462&amp;o=node\"><\/p>\n\n\n\n<p><strong>A carteira de pedidos da Embraer alcan\u00e7ou US$ 32,1 bilh\u00f5es no primeiro trimestre de 2026, sexto recorde hist\u00f3rico da companhia.<\/strong><\/p>\n\n\n\n<p>A empresa entregou 44 aeronaves no per\u00edodo, considerando todas as unidades de neg\u00f3cios. O resultado \u00e9 um aumento de 47% em rela\u00e7\u00e3o \u00e0s 30 entregas no primeiro trimestre de 2025 e totaliza 16% das entregas previstas para o ano de 2026. A estimativa para o ano \u00e9 entre 240 e 255 aeronaves entregues para Avia\u00e7\u00e3o Executiva e Avia\u00e7\u00e3o Comercial combinadas.&nbsp;<\/p>\n\n\n\n<p><strong>O destaque foi para as vendas de Avia\u00e7\u00e3o Comercial para a Europa,<\/strong>&nbsp;com a aquisi\u00e7\u00e3o pela a\u00e9rea finlandesa Finnair de um pedido de at\u00e9 46 aeronaves E195\u2011E2, dos quais 18 para esse trimestre, incluindo encomendas firmes, op\u00e7\u00f5es e direitos de compra.<\/p>\n\n\n\n<p>A empresa divulgou, ainda, que as aeronaves da fam\u00edlia Phenom 300 foram reconhecidas como o jato leve mais vendido do mundo pelo 14\u00ba ano consecutivo.<\/p>\n\n\n\n<p>O segmento de Servi\u00e7os &amp; Suporte atingiu n\u00edvel recorde, com valores na casa de US$5,1 bilh\u00f5es e registro de crescimento de 11% em rela\u00e7\u00e3o ao ano anterior.<br><br>Fonte: Ag\u00eancia Brasil<\/p>\n","protected":false},"excerpt":{"rendered":"<p>A Embraer divulgou nesta segunda-feira (27) sua carteira de pedidos consolidada no trimestre, indicando crescimento de 22% em rela\u00e7\u00e3o ao primeiro trimestre de 2025.&nbsp;O resultado positivo foi alavancado pelo aumento de pedidos na avia\u00e7\u00e3o comercial, com 50% de aumento e uma carteira de pedidos de 15 bilh\u00f5es de d\u00f3lares.&nbsp; A carteira de pedidos da Embraer [&hellip;]<\/p>\n","protected":false},"author":3,"featured_media":5437,"comment_status":"open","ping_status":"open","sticky":false,"template":"","format":"standard","meta":{"footnotes":""},"categories":[131],"tags":[],"class_list":{"0":"post-5436","1":"post","2":"type-post","3":"status-publish","4":"format-standard","5":"has-post-thumbnail","7":"category-economia"},"_links":{"self":[{"href":"https:\/\/revistavalorenegocios.com\/index.php?rest_route=\/wp\/v2\/posts\/5436","targetHints":{"allow":["GET"]}}],"collection":[{"href":"https:\/\/revistavalorenegocios.com\/index.php?rest_route=\/wp\/v2\/posts"}],"about":[{"href":"https:\/\/revistavalorenegocios.com\/index.php?rest_route=\/wp\/v2\/types\/post"}],"author":[{"embeddable":true,"href":"https:\/\/revistavalorenegocios.com\/index.php?rest_route=\/wp\/v2\/users\/3"}],"replies":[{"embeddable":true,"href":"https:\/\/revistavalorenegocios.com\/index.php?rest_route=%2Fwp%2Fv2%2Fcomments&post=5436"}],"version-history":[{"count":1,"href":"https:\/\/revistavalorenegocios.com\/index.php?rest_route=\/wp\/v2\/posts\/5436\/revisions"}],"predecessor-version":[{"id":5438,"href":"https:\/\/revistavalorenegocios.com\/index.php?rest_route=\/wp\/v2\/posts\/5436\/revisions\/5438"}],"wp:featuredmedia":[{"embeddable":true,"href":"https:\/\/revistavalorenegocios.com\/index.php?rest_route=\/wp\/v2\/media\/5437"}],"wp:attachment":[{"href":"https:\/\/revistavalorenegocios.com\/index.php?rest_route=%2Fwp%2Fv2%2Fmedia&parent=5436"}],"wp:term":[{"taxonomy":"category","embeddable":true,"href":"https:\/\/revistavalorenegocios.com\/index.php?rest_route=%2Fwp%2Fv2%2Fcategories&post=5436"},{"taxonomy":"post_tag","embeddable":true,"href":"https:\/\/revistavalorenegocios.com\/index.php?rest_route=%2Fwp%2Fv2%2Ftags&post=5436"}],"curies":[{"name":"wp","href":"https:\/\/api.w.org\/{rel}","templated":true}]}}