{"id":5442,"date":"2026-04-30T10:06:57","date_gmt":"2026-04-30T13:06:57","guid":{"rendered":"https:\/\/revistavalorenegocios.com\/?p=5442"},"modified":"2026-04-30T10:06:58","modified_gmt":"2026-04-30T13:06:58","slug":"receita-paga-lote-da-malha-fina-do-imposto-de-renda-nesta-quinta-feira","status":"publish","type":"post","link":"https:\/\/revistavalorenegocios.com\/?p=5442","title":{"rendered":"Receita paga lote da malha fina do Imposto de Renda nesta quinta-feira"},"content":{"rendered":"\n<p>Cerca de 415 mil contribuintes que ca\u00edram na malha fina e regularizaram as pend\u00eancias com o Fisco v\u00e3o acertar as contas com o Le\u00e3o.<img decoding=\"async\" src=\"https:\/\/agenciabrasil.ebc.com.br\/ebc.png?id=1687402&amp;o=node\"><img decoding=\"async\" src=\"https:\/\/agenciabrasil.ebc.com.br\/ebc.gif?id=1687402&amp;o=node\"><\/p>\n\n\n\n<p><strong>Nesta quinta-feira (30), a Receita Federal paga o lote da malha fina de abril, que tamb\u00e9m contempla restitui\u00e7\u00f5es residuais de anos anteriores.<\/strong><\/p>\n\n\n\n<p><strong>Ao todo, 415.277 contribuintes receber\u00e3o R$ 592,2 milh\u00f5es. Desse total, R$ 256,8 milh\u00f5es ir\u00e3o para contribuintes com prioridade legal no reembolso.<\/strong><\/p>\n\n\n\n<p>As restitui\u00e7\u00f5es est\u00e3o distribu\u00eddas da seguinte forma:<\/p>\n\n\n\n<ul class=\"wp-block-list\">\n<li>334.614 contribuintes que usaram a declara\u00e7\u00e3o pr\u00e9-preenchida e\/ou optaram simultaneamente por receber a restitui\u00e7\u00e3o via Pix;<\/li>\n\n\n\n<li>32.231 contribuintes sem prioridade;<\/li>\n\n\n\n<li>28.572 contribuintes de 60 a 79 anos;<\/li>\n\n\n\n<li>10.521 contribuintes cuja maior fonte de renda seja o magist\u00e9rio;<\/li>\n\n\n\n<li>4.731 contribuintes acima de 80 anos;<\/li>\n\n\n\n<li>4.608 contribuintes com defici\u00eancia f\u00edsica ou mental ou doen\u00e7a grave.<\/li>\n<\/ul>\n\n\n\n<p>A consulta pode ser feita na&nbsp;<a href=\"https:\/\/www.gov.br\/receitafederal\/pt-br\" target=\"_blank\" rel=\"noreferrer noopener\">p\u00e1gina da Receita Federal na internet<\/a>&nbsp;desde o \u00faltimo dia 23. Basta o contribuinte clicar em Meu Imposto de Renda e, em seguida, no bot\u00e3o Consultar a Restitui\u00e7\u00e3o. Tamb\u00e9m \u00e9 poss\u00edvel fazer a consulta no aplicativo da Receita Federal para&nbsp;<em>tablets<\/em>&nbsp;e&nbsp;<em>smartphones<\/em>.<\/p>\n\n\n\n<h2 class=\"wp-block-heading\">Pagamento<\/h2>\n\n\n\n<p><strong>O pagamento ser\u00e1 feito na conta ou na chave Pix do tipo CPF informada na declara\u00e7\u00e3o do Imposto de Renda.&nbsp;<\/strong>Caso o contribuinte n\u00e3o esteja na lista, dever\u00e1 entrar no&nbsp;<a href=\"https:\/\/cav.receita.fazenda.gov.br\/\" target=\"_blank\" rel=\"noreferrer noopener\">Centro Virtual de Atendimento ao Contribuinte<\/a>&nbsp;(e-CAC)&nbsp;e tirar o extrato da declara\u00e7\u00e3o. Se verificar uma pend\u00eancia, pode enviar uma declara\u00e7\u00e3o retificadora e esperar os pr\u00f3ximos lotes da malha fina.<\/p>\n\n\n\n<p>Se, por algum motivo, a restitui\u00e7\u00e3o n\u00e3o for depositada na conta informada na declara\u00e7\u00e3o, como no caso de conta desativada, os valores ficar\u00e3o dispon\u00edveis para resgate por at\u00e9 um ano no Banco do Brasil.<\/p>\n\n\n\n<p>Nesse caso, o cidad\u00e3o poder\u00e1 agendar o cr\u00e9dito em qualquer conta banc\u00e1ria em seu nome, por meio do\u00a0Portal BB\u00a0ou ligando para a Central de Relacionamento do banco, nos telefones 4004-0001 (capitais), 0800-729-0001 (demais localidades) e 0800-729-0088 (telefone especial exclusivo para deficientes auditivos).<\/p>\n\n\n\n<p>Caso o contribuinte n\u00e3o resgate o valor de sua restitui\u00e7\u00e3o depois de um ano, dever\u00e1 requerer o valor no Portal e-CAC. Ao entrar na p\u00e1gina, o cidad\u00e3o deve acessando o menu Declara\u00e7\u00f5es e Demonstrativos, clicar em Meu Imposto de Renda e, em seguida, no campo Solicitar Restitui\u00e7\u00e3o N\u00e3o Resgatada na Rede Banc\u00e1ria.<br><br>Fonte: Ag\u00eancia Brasil<\/p>\n","protected":false},"excerpt":{"rendered":"<p>Cerca de 415 mil contribuintes que ca\u00edram na malha fina e regularizaram as pend\u00eancias com o Fisco v\u00e3o acertar as contas com o Le\u00e3o. Nesta quinta-feira (30), a Receita Federal paga o lote da malha fina de abril, que tamb\u00e9m contempla restitui\u00e7\u00f5es residuais de anos anteriores. Ao todo, 415.277 contribuintes receber\u00e3o R$ 592,2 milh\u00f5es. Desse [&hellip;]<\/p>\n","protected":false},"author":3,"featured_media":5443,"comment_status":"open","ping_status":"open","sticky":false,"template":"","format":"standard","meta":{"footnotes":""},"categories":[133],"tags":[],"class_list":{"0":"post-5442","1":"post","2":"type-post","3":"status-publish","4":"format-standard","5":"has-post-thumbnail","7":"category-destaque"},"_links":{"self":[{"href":"https:\/\/revistavalorenegocios.com\/index.php?rest_route=\/wp\/v2\/posts\/5442","targetHints":{"allow":["GET"]}}],"collection":[{"href":"https:\/\/revistavalorenegocios.com\/index.php?rest_route=\/wp\/v2\/posts"}],"about":[{"href":"https:\/\/revistavalorenegocios.com\/index.php?rest_route=\/wp\/v2\/types\/post"}],"author":[{"embeddable":true,"href":"https:\/\/revistavalorenegocios.com\/index.php?rest_route=\/wp\/v2\/users\/3"}],"replies":[{"embeddable":true,"href":"https:\/\/revistavalorenegocios.com\/index.php?rest_route=%2Fwp%2Fv2%2Fcomments&post=5442"}],"version-history":[{"count":1,"href":"https:\/\/revistavalorenegocios.com\/index.php?rest_route=\/wp\/v2\/posts\/5442\/revisions"}],"predecessor-version":[{"id":5444,"href":"https:\/\/revistavalorenegocios.com\/index.php?rest_route=\/wp\/v2\/posts\/5442\/revisions\/5444"}],"wp:featuredmedia":[{"embeddable":true,"href":"https:\/\/revistavalorenegocios.com\/index.php?rest_route=\/wp\/v2\/media\/5443"}],"wp:attachment":[{"href":"https:\/\/revistavalorenegocios.com\/index.php?rest_route=%2Fwp%2Fv2%2Fmedia&parent=5442"}],"wp:term":[{"taxonomy":"category","embeddable":true,"href":"https:\/\/revistavalorenegocios.com\/index.php?rest_route=%2Fwp%2Fv2%2Fcategories&post=5442"},{"taxonomy":"post_tag","embeddable":true,"href":"https:\/\/revistavalorenegocios.com\/index.php?rest_route=%2Fwp%2Fv2%2Ftags&post=5442"}],"curies":[{"name":"wp","href":"https:\/\/api.w.org\/{rel}","templated":true}]}}